{"id":5529,"date":"2026-09-04T18:04:26","date_gmt":"2026-09-04T16:04:26","guid":{"rendered":"https:\/\/www.laltracitta.it\/ac\/?p=5529"},"modified":"2026-09-04T18:05:43","modified_gmt":"2026-09-04T16:05:43","slug":"il-volontariato-che-serve-avvio-progetto","status":"publish","type":"post","link":"https:\/\/www.laltracitta.it\/ac\/il-volontariato-che-serve-avvio-progetto\/","title":{"rendered":"Il volontariato che serve. Avvio progetto"},"content":{"rendered":"\n<p>\u201cIl volontariato che serve. Storie e luoghi al servizio della citt\u00e0\u201d nasce per avvicinare le nuove generazioni al volontariato attraverso linguaggi autentici e contemporanei.<br>A Grosseto, 18 studenti e giovani daranno vita a una Redazione Sociale, diventando protagonisti di tutte le fasi del progetto e, con il supporto di giornalisti ed esperti, impareranno tecniche di intervista, storytelling, registrazione e produzione audio.<br>Incontreranno associazioni e volontari attivi negli ambiti sociale, sanitario, ambientale e culturale e saranno loro a scegliere le storie, preparare le domande e trovare un tono spontaneo, leggero e mai celebrativo per raccontare questi incontri.<br>Da questo percorso nasceranno 10 podcast brevi, pensati per raccontare il volontariato con le parole e il punto di vista dei giovani; i podcast saranno diffusi nelle scuole, online e durante un evente pubblico finale.<br>Il progetto \u00e8 un\u2019esperienza di partecipazione, creativit\u00e0 e cittadinanza attiva, per scoprire il proprio ruolo nella comunit\u00e0 e dare voce alle storie della citt\u00e0.<\/p>\n\n\n\n<p class=\"has-text-align-left\"><em>Iniziativa realizzata grazie al bando \u201cSiete Presente. Giovani e associazionismo. Ed. 2026\u201d, a valere sul progetto \u201cGiovanis\u00ec \u2013 Spazi di crescita\u201d, promosso dal Cesvot e finanziato da Regione Toscana &#8211; Giovanis\u00ec, in accordo con la Presidenza del Consiglio dei Ministri Dipartimento per le Politiche Giovanili e il Servizio Civile Universale, con il contributo della Fondazione CR Firenze.<br><\/em><\/p>\n\n\n\n<figure class=\"wp-block-image size-full\"><img decoding=\"async\" width=\"632\" height=\"72\" src=\"https:\/\/www.laltracitta.it\/ac\/wp-content\/uploads\/2026\/09\/immagine.png\" alt=\"\" class=\"wp-image-5530\" srcset=\"https:\/\/www.laltracitta.it\/ac\/wp-content\/uploads\/2026\/09\/immagine.png 632w, https:\/\/www.laltracitta.it\/ac\/wp-content\/uploads\/2026\/09\/immagine-300x34.png 300w\" sizes=\"(max-width: 632px) 100vw, 632px\" \/><\/figure>\n\n\n\n<div data-wp-interactive=\"core\/file\" class=\"wp-block-file\"><object data-wp-bind--hidden=\"!state.hasPdfPreview\" hidden class=\"wp-block-file__embed\" data=\"https:\/\/www.laltracitta.it\/ac\/wp-content\/uploads\/2026\/09\/Locandina_social_Il_volontariato_che_serveDEF.pdf\" type=\"application\/pdf\" style=\"width:100%;height:600px\" aria-label=\"Incorporamento di Locandina_social_Il_volontariato_che_serveDEF.\"><\/object><a id=\"wp-block-file--media-19c7d677-eb33-4f19-9e0a-37bf95fcf7f5\" href=\"https:\/\/www.laltracitta.it\/ac\/wp-content\/uploads\/2026\/09\/Locandina_social_Il_volontariato_che_serveDEF.pdf\">Locandina_social_Il_volontariato_che_serveDEF<\/a><a href=\"https:\/\/www.laltracitta.it\/ac\/wp-content\/uploads\/2026\/09\/Locandina_social_Il_volontariato_che_serveDEF.pdf\" class=\"wp-block-file__button wp-element-button\" download aria-describedby=\"wp-block-file--media-19c7d677-eb33-4f19-9e0a-37bf95fcf7f5\">Download<\/a><\/div>\n","protected":false},"excerpt":{"rendered":"<p>\u201cIl volontariato che serve. Storie e luoghi al servizio della citt\u00e0\u201d nasce per avvicinare le nuove generazioni al volontariato attraverso linguaggi autentici e contemporanei.A Grosseto, 18 studenti e giovani daranno vita a una Redazione Sociale, diventando protagonisti di tutte le fasi del progetto e, con il supporto di giornalisti ed esperti, impareranno tecniche di intervista, [&hellip;]<\/p>\n","protected":false},"author":3,"featured_media":5534,"comment_status":"open","ping_status":"open","sticky":false,"template":"","format":"standard","meta":{"footnotes":""},"categories":[14,135,61],"tags":[136],"class_list":["post-5529","post","type-post","status-publish","format-standard","has-post-thumbnail","hentry","category-articoli-in-evidenza","category-formazione-non-formale","category-news","tag-in-evidenza"],"_links":{"self":[{"href":"https:\/\/www.laltracitta.it\/ac\/wp-json\/wp\/v2\/posts\/5529","targetHints":{"allow":["GET"]}}],"collection":[{"href":"https:\/\/www.laltracitta.it\/ac\/wp-json\/wp\/v2\/posts"}],"about":[{"href":"https:\/\/www.laltracitta.it\/ac\/wp-json\/wp\/v2\/types\/post"}],"author":[{"embeddable":true,"href":"https:\/\/www.laltracitta.it\/ac\/wp-json\/wp\/v2\/users\/3"}],"replies":[{"embeddable":true,"href":"https:\/\/www.laltracitta.it\/ac\/wp-json\/wp\/v2\/comments?post=5529"}],"version-history":[{"count":4,"href":"https:\/\/www.laltracitta.it\/ac\/wp-json\/wp\/v2\/posts\/5529\/revisions"}],"predecessor-version":[{"id":5536,"href":"https:\/\/www.laltracitta.it\/ac\/wp-json\/wp\/v2\/posts\/5529\/revisions\/5536"}],"wp:featuredmedia":[{"embeddable":true,"href":"https:\/\/www.laltracitta.it\/ac\/wp-json\/wp\/v2\/media\/5534"}],"wp:attachment":[{"href":"https:\/\/www.laltracitta.it\/ac\/wp-json\/wp\/v2\/media?parent=5529"}],"wp:term":[{"taxonomy":"category","embeddable":true,"href":"https:\/\/www.laltracitta.it\/ac\/wp-json\/wp\/v2\/categories?post=5529"},{"taxonomy":"post_tag","embeddable":true,"href":"https:\/\/www.laltracitta.it\/ac\/wp-json\/wp\/v2\/tags?post=5529"}],"curies":[{"name":"wp","href":"https:\/\/api.w.org\/{rel}","templated":true}]}}